{"id":231,"date":"2020-12-01T12:51:51","date_gmt":"2020-12-01T11:51:51","guid":{"rendered":"https:\/\/carillons.be\/blog\/?p=231"},"modified":"2020-12-01T12:54:11","modified_gmt":"2020-12-01T11:54:11","slug":"s49-carillon-de-la-semaine-jardin-espagnol-84cm","status":"publish","type":"post","link":"https:\/\/carillons.be\/blog\/s49-carillon-de-la-semaine-jardin-espagnol-84cm\/","title":{"rendered":"S49 \/ Carillon de la semaine &#8211; Jardin Espagnol 84CM"},"content":{"rendered":"\n<p>Cette semaine, on vous pr\u00e9sente le carillon \u00e0 vent <a href=\"https:\/\/www.carillons.be\/carillons-a-vent-\/193-carillon-a-vent-aranjuez-84-cm-6-tubes-028375247219.html\">Jardin Espagnol 84CM<\/a>. <\/p>\n\n\n\n<p>C&rsquo;est mardi ! Tout d&rsquo;abord, bonne semaine \u00e0 vous tous\u2026 \u2764 Nous vous pr\u00e9sentons le carillon de la semaine : JARDIN ESPAGNOL 84CM. A \u00e9couter ici <a href=\"https:\/\/www.carillons.be\/carillons-a-vent-\/193-carillon-a-vent-aranjuez-84-cm-6-tubes-028375247219.html\">https:\/\/bit.ly\/carillonsdelasemaine<\/a><\/p>\n\n\n\n<p>Ce magnifique carillon \u00e9olien est accord\u00e9 sur la m\u00e9lodie du fameux Concierto de Aranjuez du ma\u00eetre Joaquin Rodrigo, l&rsquo;un des compositeurs espagnols les plus acclam\u00e9s du XX\u00e8me si\u00e8cle. Les notes des tubes du carillon Aranjuez suivent l&rsquo;accord minor d&rsquo;ouverture de l&rsquo;adagio. <\/p>\n\n\n\n<figure class=\"wp-block-image\"><img loading=\"lazy\" width=\"800\" height=\"800\" src=\"https:\/\/carillons.be\/blog\/wp-content\/uploads\/2020\/12\/CARILLON-DE-LA-SEMAINE.jpg\" alt=\"\" class=\"wp-image-232\" srcset=\"https:\/\/carillons.be\/blog\/wp-content\/uploads\/2020\/12\/CARILLON-DE-LA-SEMAINE.jpg 800w, https:\/\/carillons.be\/blog\/wp-content\/uploads\/2020\/12\/CARILLON-DE-LA-SEMAINE-150x150.jpg 150w, https:\/\/carillons.be\/blog\/wp-content\/uploads\/2020\/12\/CARILLON-DE-LA-SEMAINE-300x300.jpg 300w, https:\/\/carillons.be\/blog\/wp-content\/uploads\/2020\/12\/CARILLON-DE-LA-SEMAINE-768x768.jpg 768w, https:\/\/carillons.be\/blog\/wp-content\/uploads\/2020\/12\/CARILLON-DE-LA-SEMAINE-100x100.jpg 100w, https:\/\/carillons.be\/blog\/wp-content\/uploads\/2020\/12\/CARILLON-DE-LA-SEMAINE-140x140.jpg 140w, https:\/\/carillons.be\/blog\/wp-content\/uploads\/2020\/12\/CARILLON-DE-LA-SEMAINE-500x500.jpg 500w, https:\/\/carillons.be\/blog\/wp-content\/uploads\/2020\/12\/CARILLON-DE-LA-SEMAINE-350x350.jpg 350w\" sizes=\"(max-width: 800px) 100vw, 800px\" \/><\/figure>\n\n\n\n<p>Comme l&rsquo;a confess\u00e9 Joaqu\u00edn Rodrigo lui-m\u00eame, \u00ab\u00a0le parfum des magnolias, le chant des oiseaux et le flot des fontaines\u00a0\u00bb impr\u00e8gnent la m\u00e9lodie de ce concert pour guitare. <\/p>\n\n\n\n<p>Acc\u00e9dez \u00e0 un monde hors du temps gr\u00e2ce \u00e0 sa musique envo\u00fbtante et \u00e0 sa sonorit\u00e9 inspir\u00e9e de la nature. L&rsquo;accordement de ce carillon \u00e9olien est garanti \u00e0 vie.<\/p>\n","protected":false},"excerpt":{"rendered":"<p>Cette semaine, on vous pr\u00e9sente le carillon \u00e0 vent Jardin Espagnol 84CM. C&rsquo;est mardi ! Tout d&rsquo;abord, bonne semaine \u00e0 vous tous\u2026 \u2764 Nous vous pr\u00e9sentons le carillon de la&#8230;<\/p>\n","protected":false},"author":1,"featured_media":234,"comment_status":"open","ping_status":"open","sticky":false,"template":"","format":"standard","meta":[],"categories":[3,8],"tags":[],"yoast_head":"<!-- This site is optimized with the Yoast SEO plugin v18.0 - https:\/\/yoast.com\/wordpress\/plugins\/seo\/ -->\n<title>S49 \/ Carillon de la semaine - Jardin Espagnol 84CM - Carillon.be - Le Blog<\/title>\n<meta name=\"robots\" content=\"index, follow, max-snippet:-1, max-image-preview:large, max-video-preview:-1\" \/>\n<link rel=\"canonical\" href=\"https:\/\/carillons.be\/blog\/s49-carillon-de-la-semaine-jardin-espagnol-84cm\/\" \/>\n<meta property=\"og:locale\" content=\"fr_FR\" \/>\n<meta property=\"og:type\" content=\"article\" \/>\n<meta property=\"og:title\" content=\"S49 \/ Carillon de la semaine - Jardin Espagnol 84CM - Carillon.be - Le Blog\" \/>\n<meta property=\"og:description\" content=\"Cette semaine, on vous pr\u00e9sente le carillon \u00e0 vent Jardin Espagnol 84CM. C&rsquo;est mardi ! Tout d&rsquo;abord, bonne semaine \u00e0 vous tous\u2026 \u2764 Nous vous pr\u00e9sentons le carillon de la...\" \/>\n<meta property=\"og:url\" content=\"https:\/\/carillons.be\/blog\/s49-carillon-de-la-semaine-jardin-espagnol-84cm\/\" \/>\n<meta property=\"og:site_name\" content=\"Carillon.be - Le Blog\" \/>\n<meta property=\"article:published_time\" content=\"2020-12-01T11:51:51+00:00\" \/>\n<meta property=\"article:modified_time\" content=\"2020-12-01T11:54:11+00:00\" \/>\n<meta property=\"og:image\" content=\"https:\/\/carillons.be\/blog\/wp-content\/uploads\/2020\/12\/carillons59.jpg\" \/>\n\t<meta property=\"og:image:width\" content=\"2240\" \/>\n\t<meta property=\"og:image:height\" content=\"1260\" \/>\n\t<meta property=\"og:image:type\" content=\"image\/jpeg\" \/>\n<meta name=\"twitter:card\" content=\"summary_large_image\" \/>\n<meta name=\"twitter:label1\" content=\"\u00c9crit par\" \/>\n\t<meta name=\"twitter:data1\" content=\"Sophie\" \/>\n\t<meta name=\"twitter:label2\" content=\"Dur\u00e9e de lecture estim\u00e9e\" \/>\n\t<meta name=\"twitter:data2\" content=\"1 minute\" \/>\n<script type=\"application\/ld+json\" class=\"yoast-schema-graph\">{\"@context\":\"https:\/\/schema.org\",\"@graph\":[{\"@type\":\"WebSite\",\"@id\":\"https:\/\/carillons.be\/blog\/#website\",\"url\":\"https:\/\/carillons.be\/blog\/\",\"name\":\"Carillon.be - Le Blog\",\"description\":\"Les sp\u00e9cialistes du carillon\",\"potentialAction\":[{\"@type\":\"SearchAction\",\"target\":{\"@type\":\"EntryPoint\",\"urlTemplate\":\"https:\/\/carillons.be\/blog\/?s={search_term_string}\"},\"query-input\":\"required name=search_term_string\"}],\"inLanguage\":\"fr-FR\"},{\"@type\":\"ImageObject\",\"@id\":\"https:\/\/carillons.be\/blog\/s49-carillon-de-la-semaine-jardin-espagnol-84cm\/#primaryimage\",\"inLanguage\":\"fr-FR\",\"url\":\"https:\/\/carillons.be\/blog\/wp-content\/uploads\/2020\/12\/carillons59.jpg\",\"contentUrl\":\"https:\/\/carillons.be\/blog\/wp-content\/uploads\/2020\/12\/carillons59.jpg\",\"width\":2240,\"height\":1260},{\"@type\":\"WebPage\",\"@id\":\"https:\/\/carillons.be\/blog\/s49-carillon-de-la-semaine-jardin-espagnol-84cm\/#webpage\",\"url\":\"https:\/\/carillons.be\/blog\/s49-carillon-de-la-semaine-jardin-espagnol-84cm\/\",\"name\":\"S49 \/ Carillon de la semaine - Jardin Espagnol 84CM - Carillon.be - Le Blog\",\"isPartOf\":{\"@id\":\"https:\/\/carillons.be\/blog\/#website\"},\"primaryImageOfPage\":{\"@id\":\"https:\/\/carillons.be\/blog\/s49-carillon-de-la-semaine-jardin-espagnol-84cm\/#primaryimage\"},\"datePublished\":\"2020-12-01T11:51:51+00:00\",\"dateModified\":\"2020-12-01T11:54:11+00:00\",\"author\":{\"@id\":\"https:\/\/carillons.be\/blog\/#\/schema\/person\/bbf4ed8f664586a7f02542a72a7856f9\"},\"breadcrumb\":{\"@id\":\"https:\/\/carillons.be\/blog\/s49-carillon-de-la-semaine-jardin-espagnol-84cm\/#breadcrumb\"},\"inLanguage\":\"fr-FR\",\"potentialAction\":[{\"@type\":\"ReadAction\",\"target\":[\"https:\/\/carillons.be\/blog\/s49-carillon-de-la-semaine-jardin-espagnol-84cm\/\"]}]},{\"@type\":\"BreadcrumbList\",\"@id\":\"https:\/\/carillons.be\/blog\/s49-carillon-de-la-semaine-jardin-espagnol-84cm\/#breadcrumb\",\"itemListElement\":[{\"@type\":\"ListItem\",\"position\":1,\"name\":\"Accueil\",\"item\":\"https:\/\/carillons.be\/blog\/\"},{\"@type\":\"ListItem\",\"position\":2,\"name\":\"S49 \/ Carillon de la semaine &#8211; Jardin Espagnol 84CM\"}]},{\"@type\":\"Person\",\"@id\":\"https:\/\/carillons.be\/blog\/#\/schema\/person\/bbf4ed8f664586a7f02542a72a7856f9\",\"name\":\"Sophie\",\"image\":{\"@type\":\"ImageObject\",\"@id\":\"https:\/\/carillons.be\/blog\/#personlogo\",\"inLanguage\":\"fr-FR\",\"url\":\"https:\/\/secure.gravatar.com\/avatar\/2323d87e5461738c4608357795f47aeb?s=96&d=mm&r=g\",\"contentUrl\":\"https:\/\/secure.gravatar.com\/avatar\/2323d87e5461738c4608357795f47aeb?s=96&d=mm&r=g\",\"caption\":\"Sophie\"},\"url\":\"https:\/\/carillons.be\/blog\/author\/admin6023\/\"}]}<\/script>\n<!-- \/ Yoast SEO plugin. -->","yoast_head_json":{"title":"S49 \/ Carillon de la semaine - Jardin Espagnol 84CM - Carillon.be - Le Blog","robots":{"index":"index","follow":"follow","max-snippet":"max-snippet:-1","max-image-preview":"max-image-preview:large","max-video-preview":"max-video-preview:-1"},"canonical":"https:\/\/carillons.be\/blog\/s49-carillon-de-la-semaine-jardin-espagnol-84cm\/","og_locale":"fr_FR","og_type":"article","og_title":"S49 \/ Carillon de la semaine - Jardin Espagnol 84CM - Carillon.be - Le Blog","og_description":"Cette semaine, on vous pr\u00e9sente le carillon \u00e0 vent Jardin Espagnol 84CM. C&rsquo;est mardi ! Tout d&rsquo;abord, bonne semaine \u00e0 vous tous\u2026 \u2764 Nous vous pr\u00e9sentons le carillon de la...","og_url":"https:\/\/carillons.be\/blog\/s49-carillon-de-la-semaine-jardin-espagnol-84cm\/","og_site_name":"Carillon.be - Le Blog","article_published_time":"2020-12-01T11:51:51+00:00","article_modified_time":"2020-12-01T11:54:11+00:00","og_image":[{"width":2240,"height":1260,"url":"https:\/\/carillons.be\/blog\/wp-content\/uploads\/2020\/12\/carillons59.jpg","type":"image\/jpeg"}],"twitter_card":"summary_large_image","twitter_misc":{"\u00c9crit par":"Sophie","Dur\u00e9e de lecture estim\u00e9e":"1 minute"},"schema":{"@context":"https:\/\/schema.org","@graph":[{"@type":"WebSite","@id":"https:\/\/carillons.be\/blog\/#website","url":"https:\/\/carillons.be\/blog\/","name":"Carillon.be - Le Blog","description":"Les sp\u00e9cialistes du carillon","potentialAction":[{"@type":"SearchAction","target":{"@type":"EntryPoint","urlTemplate":"https:\/\/carillons.be\/blog\/?s={search_term_string}"},"query-input":"required name=search_term_string"}],"inLanguage":"fr-FR"},{"@type":"ImageObject","@id":"https:\/\/carillons.be\/blog\/s49-carillon-de-la-semaine-jardin-espagnol-84cm\/#primaryimage","inLanguage":"fr-FR","url":"https:\/\/carillons.be\/blog\/wp-content\/uploads\/2020\/12\/carillons59.jpg","contentUrl":"https:\/\/carillons.be\/blog\/wp-content\/uploads\/2020\/12\/carillons59.jpg","width":2240,"height":1260},{"@type":"WebPage","@id":"https:\/\/carillons.be\/blog\/s49-carillon-de-la-semaine-jardin-espagnol-84cm\/#webpage","url":"https:\/\/carillons.be\/blog\/s49-carillon-de-la-semaine-jardin-espagnol-84cm\/","name":"S49 \/ Carillon de la semaine - Jardin Espagnol 84CM - Carillon.be - Le Blog","isPartOf":{"@id":"https:\/\/carillons.be\/blog\/#website"},"primaryImageOfPage":{"@id":"https:\/\/carillons.be\/blog\/s49-carillon-de-la-semaine-jardin-espagnol-84cm\/#primaryimage"},"datePublished":"2020-12-01T11:51:51+00:00","dateModified":"2020-12-01T11:54:11+00:00","author":{"@id":"https:\/\/carillons.be\/blog\/#\/schema\/person\/bbf4ed8f664586a7f02542a72a7856f9"},"breadcrumb":{"@id":"https:\/\/carillons.be\/blog\/s49-carillon-de-la-semaine-jardin-espagnol-84cm\/#breadcrumb"},"inLanguage":"fr-FR","potentialAction":[{"@type":"ReadAction","target":["https:\/\/carillons.be\/blog\/s49-carillon-de-la-semaine-jardin-espagnol-84cm\/"]}]},{"@type":"BreadcrumbList","@id":"https:\/\/carillons.be\/blog\/s49-carillon-de-la-semaine-jardin-espagnol-84cm\/#breadcrumb","itemListElement":[{"@type":"ListItem","position":1,"name":"Accueil","item":"https:\/\/carillons.be\/blog\/"},{"@type":"ListItem","position":2,"name":"S49 \/ Carillon de la semaine &#8211; Jardin Espagnol 84CM"}]},{"@type":"Person","@id":"https:\/\/carillons.be\/blog\/#\/schema\/person\/bbf4ed8f664586a7f02542a72a7856f9","name":"Sophie","image":{"@type":"ImageObject","@id":"https:\/\/carillons.be\/blog\/#personlogo","inLanguage":"fr-FR","url":"https:\/\/secure.gravatar.com\/avatar\/2323d87e5461738c4608357795f47aeb?s=96&d=mm&r=g","contentUrl":"https:\/\/secure.gravatar.com\/avatar\/2323d87e5461738c4608357795f47aeb?s=96&d=mm&r=g","caption":"Sophie"},"url":"https:\/\/carillons.be\/blog\/author\/admin6023\/"}]}},"_links":{"self":[{"href":"https:\/\/carillons.be\/blog\/wp-json\/wp\/v2\/posts\/231"}],"collection":[{"href":"https:\/\/carillons.be\/blog\/wp-json\/wp\/v2\/posts"}],"about":[{"href":"https:\/\/carillons.be\/blog\/wp-json\/wp\/v2\/types\/post"}],"author":[{"embeddable":true,"href":"https:\/\/carillons.be\/blog\/wp-json\/wp\/v2\/users\/1"}],"replies":[{"embeddable":true,"href":"https:\/\/carillons.be\/blog\/wp-json\/wp\/v2\/comments?post=231"}],"version-history":[{"count":1,"href":"https:\/\/carillons.be\/blog\/wp-json\/wp\/v2\/posts\/231\/revisions"}],"predecessor-version":[{"id":233,"href":"https:\/\/carillons.be\/blog\/wp-json\/wp\/v2\/posts\/231\/revisions\/233"}],"wp:featuredmedia":[{"embeddable":true,"href":"https:\/\/carillons.be\/blog\/wp-json\/wp\/v2\/media\/234"}],"wp:attachment":[{"href":"https:\/\/carillons.be\/blog\/wp-json\/wp\/v2\/media?parent=231"}],"wp:term":[{"taxonomy":"category","embeddable":true,"href":"https:\/\/carillons.be\/blog\/wp-json\/wp\/v2\/categories?post=231"},{"taxonomy":"post_tag","embeddable":true,"href":"https:\/\/carillons.be\/blog\/wp-json\/wp\/v2\/tags?post=231"}],"curies":[{"name":"wp","href":"https:\/\/api.w.org\/{rel}","templated":true}]}}