{"id":113,"date":"2020-01-19T16:25:08","date_gmt":"2020-01-19T15:25:08","guid":{"rendered":"https:\/\/carillons.be\/blog\/?p=113"},"modified":"2020-01-19T16:25:09","modified_gmt":"2020-01-19T15:25:09","slug":"ou-placer-un-carillon-a-vent-dans-votre-maison","status":"publish","type":"post","link":"https:\/\/carillons.be\/blog\/ou-placer-un-carillon-a-vent-dans-votre-maison\/","title":{"rendered":"Ou placer un carillon \u00e0 vent dans votre maison?"},"content":{"rendered":"\n<p>Est-ce que vous saviez que les carillons \u00e0 vent (ou carillons \u00e9oliens) sont l&rsquo;un des moyens d\u00e9coratifs les plus efficaces pour d\u00e9corer l&rsquo;int\u00e9rieur de votre habitation. Ces carillons permettent d&rsquo;apaiser votre int\u00e9rieur. Il faut accorder beaucoup d&rsquo;importance \u00e0 la qualit\u00e9 sonore des carillons, vous pouvez sans soucis vous fier \u00e0 des marques comme NATURE&rsquo;S MELODY ou WOODSTOCK CHIMES. <\/p>\n\n\n\n<p>Son bruit va \u00e9galement d\u00e9pendre de la pi\u00e8ce ou le carillon sera accroch\u00e9. Vous pouvez les accrocher dans votre salon, dans votre chambre ou dans un espace ext\u00e9rieure comme une terrasse. Comment accrocher un carillon \u00e9olien dans votre maison? Ils sont disponibles en bois, en m\u00e9tal, \u2026 Les carillons \u00e0 vent sont aussi utilis\u00e9s pour apporter une ambiance Feng Shui, utilis\u00e9 pour le bien-\u00eatre mental et physique. <\/p>\n\n\n\n<p>Ou allez vous placer votre carillon? Dans quelle pi\u00e8ce et pour quelle utilit\u00e9? Si vous d\u00e9cidez de l&rsquo;accrocher dans votre jardin, vous pouvez utiliser des arbres ou des corniches en bord de terrasse. Nous vous conseillons de pr\u00e9voir un crochet pour fixer la boucle d&rsquo;accroche du carillon. <\/p>\n\n\n\n<p>Certains carillons ont des vertus \u00e9nergisants, ils pourront du coup \u00eatre plac\u00e9e dans des pi\u00e8ces ou vous passez du temps. <\/p>\n","protected":false},"excerpt":{"rendered":"<p>Est-ce que vous saviez que les carillons \u00e0 vent (ou carillons \u00e9oliens) sont l&rsquo;un des moyens d\u00e9coratifs les plus efficaces pour d\u00e9corer l&rsquo;int\u00e9rieur de votre habitation. Ces carillons permettent d&rsquo;apaiser&#8230;<\/p>\n","protected":false},"author":1,"featured_media":114,"comment_status":"open","ping_status":"open","sticky":false,"template":"","format":"standard","meta":[],"categories":[1],"tags":[],"yoast_head":"<!-- This site is optimized with the Yoast SEO plugin v18.0 - https:\/\/yoast.com\/wordpress\/plugins\/seo\/ -->\n<title>Ou placer un carillon \u00e0 vent dans votre maison? - Carillon.be - Le Blog<\/title>\n<meta name=\"robots\" content=\"index, follow, max-snippet:-1, max-image-preview:large, max-video-preview:-1\" \/>\n<link rel=\"canonical\" href=\"https:\/\/carillons.be\/blog\/ou-placer-un-carillon-a-vent-dans-votre-maison\/\" \/>\n<meta property=\"og:locale\" content=\"fr_FR\" \/>\n<meta property=\"og:type\" content=\"article\" \/>\n<meta property=\"og:title\" content=\"Ou placer un carillon \u00e0 vent dans votre maison? - Carillon.be - Le Blog\" \/>\n<meta property=\"og:description\" content=\"Est-ce que vous saviez que les carillons \u00e0 vent (ou carillons \u00e9oliens) sont l&rsquo;un des moyens d\u00e9coratifs les plus efficaces pour d\u00e9corer l&rsquo;int\u00e9rieur de votre habitation. Ces carillons permettent d&rsquo;apaiser...\" \/>\n<meta property=\"og:url\" content=\"https:\/\/carillons.be\/blog\/ou-placer-un-carillon-a-vent-dans-votre-maison\/\" \/>\n<meta property=\"og:site_name\" content=\"Carillon.be - Le Blog\" \/>\n<meta property=\"article:published_time\" content=\"2020-01-19T15:25:08+00:00\" \/>\n<meta property=\"article:modified_time\" content=\"2020-01-19T15:25:09+00:00\" \/>\n<meta property=\"og:image\" content=\"https:\/\/carillons.be\/blog\/wp-content\/uploads\/2020\/01\/blog-post-1.png\" \/>\n\t<meta property=\"og:image:width\" content=\"560\" \/>\n\t<meta property=\"og:image:height\" content=\"315\" \/>\n\t<meta property=\"og:image:type\" content=\"image\/png\" \/>\n<meta name=\"twitter:card\" content=\"summary_large_image\" \/>\n<meta name=\"twitter:label1\" content=\"\u00c9crit par\" \/>\n\t<meta name=\"twitter:data1\" content=\"Sophie\" \/>\n\t<meta name=\"twitter:label2\" content=\"Dur\u00e9e de lecture estim\u00e9e\" \/>\n\t<meta name=\"twitter:data2\" content=\"1 minute\" \/>\n<script type=\"application\/ld+json\" class=\"yoast-schema-graph\">{\"@context\":\"https:\/\/schema.org\",\"@graph\":[{\"@type\":\"WebSite\",\"@id\":\"https:\/\/carillons.be\/blog\/#website\",\"url\":\"https:\/\/carillons.be\/blog\/\",\"name\":\"Carillon.be - Le Blog\",\"description\":\"Les sp\u00e9cialistes du carillon\",\"potentialAction\":[{\"@type\":\"SearchAction\",\"target\":{\"@type\":\"EntryPoint\",\"urlTemplate\":\"https:\/\/carillons.be\/blog\/?s={search_term_string}\"},\"query-input\":\"required name=search_term_string\"}],\"inLanguage\":\"fr-FR\"},{\"@type\":\"ImageObject\",\"@id\":\"https:\/\/carillons.be\/blog\/ou-placer-un-carillon-a-vent-dans-votre-maison\/#primaryimage\",\"inLanguage\":\"fr-FR\",\"url\":\"https:\/\/carillons.be\/blog\/wp-content\/uploads\/2020\/01\/blog-post-1.png\",\"contentUrl\":\"https:\/\/carillons.be\/blog\/wp-content\/uploads\/2020\/01\/blog-post-1.png\",\"width\":560,\"height\":315},{\"@type\":\"WebPage\",\"@id\":\"https:\/\/carillons.be\/blog\/ou-placer-un-carillon-a-vent-dans-votre-maison\/#webpage\",\"url\":\"https:\/\/carillons.be\/blog\/ou-placer-un-carillon-a-vent-dans-votre-maison\/\",\"name\":\"Ou placer un carillon \u00e0 vent dans votre maison? - Carillon.be - Le Blog\",\"isPartOf\":{\"@id\":\"https:\/\/carillons.be\/blog\/#website\"},\"primaryImageOfPage\":{\"@id\":\"https:\/\/carillons.be\/blog\/ou-placer-un-carillon-a-vent-dans-votre-maison\/#primaryimage\"},\"datePublished\":\"2020-01-19T15:25:08+00:00\",\"dateModified\":\"2020-01-19T15:25:09+00:00\",\"author\":{\"@id\":\"https:\/\/carillons.be\/blog\/#\/schema\/person\/bbf4ed8f664586a7f02542a72a7856f9\"},\"breadcrumb\":{\"@id\":\"https:\/\/carillons.be\/blog\/ou-placer-un-carillon-a-vent-dans-votre-maison\/#breadcrumb\"},\"inLanguage\":\"fr-FR\",\"potentialAction\":[{\"@type\":\"ReadAction\",\"target\":[\"https:\/\/carillons.be\/blog\/ou-placer-un-carillon-a-vent-dans-votre-maison\/\"]}]},{\"@type\":\"BreadcrumbList\",\"@id\":\"https:\/\/carillons.be\/blog\/ou-placer-un-carillon-a-vent-dans-votre-maison\/#breadcrumb\",\"itemListElement\":[{\"@type\":\"ListItem\",\"position\":1,\"name\":\"Accueil\",\"item\":\"https:\/\/carillons.be\/blog\/\"},{\"@type\":\"ListItem\",\"position\":2,\"name\":\"Ou placer un carillon \u00e0 vent dans votre maison?\"}]},{\"@type\":\"Person\",\"@id\":\"https:\/\/carillons.be\/blog\/#\/schema\/person\/bbf4ed8f664586a7f02542a72a7856f9\",\"name\":\"Sophie\",\"image\":{\"@type\":\"ImageObject\",\"@id\":\"https:\/\/carillons.be\/blog\/#personlogo\",\"inLanguage\":\"fr-FR\",\"url\":\"https:\/\/secure.gravatar.com\/avatar\/2323d87e5461738c4608357795f47aeb?s=96&d=mm&r=g\",\"contentUrl\":\"https:\/\/secure.gravatar.com\/avatar\/2323d87e5461738c4608357795f47aeb?s=96&d=mm&r=g\",\"caption\":\"Sophie\"},\"url\":\"https:\/\/carillons.be\/blog\/author\/admin6023\/\"}]}<\/script>\n<!-- \/ Yoast SEO plugin. -->","yoast_head_json":{"title":"Ou placer un carillon \u00e0 vent dans votre maison? - Carillon.be - Le Blog","robots":{"index":"index","follow":"follow","max-snippet":"max-snippet:-1","max-image-preview":"max-image-preview:large","max-video-preview":"max-video-preview:-1"},"canonical":"https:\/\/carillons.be\/blog\/ou-placer-un-carillon-a-vent-dans-votre-maison\/","og_locale":"fr_FR","og_type":"article","og_title":"Ou placer un carillon \u00e0 vent dans votre maison? - Carillon.be - Le Blog","og_description":"Est-ce que vous saviez que les carillons \u00e0 vent (ou carillons \u00e9oliens) sont l&rsquo;un des moyens d\u00e9coratifs les plus efficaces pour d\u00e9corer l&rsquo;int\u00e9rieur de votre habitation. Ces carillons permettent d&rsquo;apaiser...","og_url":"https:\/\/carillons.be\/blog\/ou-placer-un-carillon-a-vent-dans-votre-maison\/","og_site_name":"Carillon.be - Le Blog","article_published_time":"2020-01-19T15:25:08+00:00","article_modified_time":"2020-01-19T15:25:09+00:00","og_image":[{"width":560,"height":315,"url":"https:\/\/carillons.be\/blog\/wp-content\/uploads\/2020\/01\/blog-post-1.png","type":"image\/png"}],"twitter_card":"summary_large_image","twitter_misc":{"\u00c9crit par":"Sophie","Dur\u00e9e de lecture estim\u00e9e":"1 minute"},"schema":{"@context":"https:\/\/schema.org","@graph":[{"@type":"WebSite","@id":"https:\/\/carillons.be\/blog\/#website","url":"https:\/\/carillons.be\/blog\/","name":"Carillon.be - Le Blog","description":"Les sp\u00e9cialistes du carillon","potentialAction":[{"@type":"SearchAction","target":{"@type":"EntryPoint","urlTemplate":"https:\/\/carillons.be\/blog\/?s={search_term_string}"},"query-input":"required name=search_term_string"}],"inLanguage":"fr-FR"},{"@type":"ImageObject","@id":"https:\/\/carillons.be\/blog\/ou-placer-un-carillon-a-vent-dans-votre-maison\/#primaryimage","inLanguage":"fr-FR","url":"https:\/\/carillons.be\/blog\/wp-content\/uploads\/2020\/01\/blog-post-1.png","contentUrl":"https:\/\/carillons.be\/blog\/wp-content\/uploads\/2020\/01\/blog-post-1.png","width":560,"height":315},{"@type":"WebPage","@id":"https:\/\/carillons.be\/blog\/ou-placer-un-carillon-a-vent-dans-votre-maison\/#webpage","url":"https:\/\/carillons.be\/blog\/ou-placer-un-carillon-a-vent-dans-votre-maison\/","name":"Ou placer un carillon \u00e0 vent dans votre maison? - Carillon.be - Le Blog","isPartOf":{"@id":"https:\/\/carillons.be\/blog\/#website"},"primaryImageOfPage":{"@id":"https:\/\/carillons.be\/blog\/ou-placer-un-carillon-a-vent-dans-votre-maison\/#primaryimage"},"datePublished":"2020-01-19T15:25:08+00:00","dateModified":"2020-01-19T15:25:09+00:00","author":{"@id":"https:\/\/carillons.be\/blog\/#\/schema\/person\/bbf4ed8f664586a7f02542a72a7856f9"},"breadcrumb":{"@id":"https:\/\/carillons.be\/blog\/ou-placer-un-carillon-a-vent-dans-votre-maison\/#breadcrumb"},"inLanguage":"fr-FR","potentialAction":[{"@type":"ReadAction","target":["https:\/\/carillons.be\/blog\/ou-placer-un-carillon-a-vent-dans-votre-maison\/"]}]},{"@type":"BreadcrumbList","@id":"https:\/\/carillons.be\/blog\/ou-placer-un-carillon-a-vent-dans-votre-maison\/#breadcrumb","itemListElement":[{"@type":"ListItem","position":1,"name":"Accueil","item":"https:\/\/carillons.be\/blog\/"},{"@type":"ListItem","position":2,"name":"Ou placer un carillon \u00e0 vent dans votre maison?"}]},{"@type":"Person","@id":"https:\/\/carillons.be\/blog\/#\/schema\/person\/bbf4ed8f664586a7f02542a72a7856f9","name":"Sophie","image":{"@type":"ImageObject","@id":"https:\/\/carillons.be\/blog\/#personlogo","inLanguage":"fr-FR","url":"https:\/\/secure.gravatar.com\/avatar\/2323d87e5461738c4608357795f47aeb?s=96&d=mm&r=g","contentUrl":"https:\/\/secure.gravatar.com\/avatar\/2323d87e5461738c4608357795f47aeb?s=96&d=mm&r=g","caption":"Sophie"},"url":"https:\/\/carillons.be\/blog\/author\/admin6023\/"}]}},"_links":{"self":[{"href":"https:\/\/carillons.be\/blog\/wp-json\/wp\/v2\/posts\/113"}],"collection":[{"href":"https:\/\/carillons.be\/blog\/wp-json\/wp\/v2\/posts"}],"about":[{"href":"https:\/\/carillons.be\/blog\/wp-json\/wp\/v2\/types\/post"}],"author":[{"embeddable":true,"href":"https:\/\/carillons.be\/blog\/wp-json\/wp\/v2\/users\/1"}],"replies":[{"embeddable":true,"href":"https:\/\/carillons.be\/blog\/wp-json\/wp\/v2\/comments?post=113"}],"version-history":[{"count":1,"href":"https:\/\/carillons.be\/blog\/wp-json\/wp\/v2\/posts\/113\/revisions"}],"predecessor-version":[{"id":115,"href":"https:\/\/carillons.be\/blog\/wp-json\/wp\/v2\/posts\/113\/revisions\/115"}],"wp:featuredmedia":[{"embeddable":true,"href":"https:\/\/carillons.be\/blog\/wp-json\/wp\/v2\/media\/114"}],"wp:attachment":[{"href":"https:\/\/carillons.be\/blog\/wp-json\/wp\/v2\/media?parent=113"}],"wp:term":[{"taxonomy":"category","embeddable":true,"href":"https:\/\/carillons.be\/blog\/wp-json\/wp\/v2\/categories?post=113"},{"taxonomy":"post_tag","embeddable":true,"href":"https:\/\/carillons.be\/blog\/wp-json\/wp\/v2\/tags?post=113"}],"curies":[{"name":"wp","href":"https:\/\/api.w.org\/{rel}","templated":true}]}}